{"id":7819,"date":"2024-05-08T13:21:43","date_gmt":"2024-05-08T13:21:43","guid":{"rendered":"https:\/\/www.maldingen.be\/?p=7819"},"modified":"2024-05-09T13:49:08","modified_gmt":"2024-05-09T13:49:08","slug":"schoene-klaenge-zum-start-in-den-mai","status":"publish","type":"post","link":"https:\/\/www.maldingen.be\/index.php\/2024\/05\/08\/schoene-klaenge-zum-start-in-den-mai\/","title":{"rendered":"Sch\u00f6ne Kl\u00e4nge zum Start in den Mai"},"content":{"rendered":"\t\t<div data-elementor-type=\"wp-post\" data-elementor-id=\"7819\" class=\"elementor elementor-7819\">\n\t\t\t\t<div class=\"elementor-element elementor-element-6a3de06 e-flex e-con-boxed e-con e-parent\" data-id=\"6a3de06\" data-element_type=\"container\" data-e-type=\"container\">\n\t\t\t\t\t<div class=\"e-con-inner\">\n\t\t\t\t<div class=\"elementor-element elementor-element-21c0c35 elementor-widget elementor-widget-text-editor\" data-id=\"21c0c35\" data-element_type=\"widget\" data-e-type=\"widget\" data-widget_type=\"text-editor.default\">\n\t\t\t\t<div class=\"elementor-widget-container\">\n\t\t\t\t\t\t\t\t\t<p>Fr\u00fchlingskonzert: Kgl. Kirchenchor \u201eSt. Johann\u201c konnte zwei Gastch\u00f6re in der Maldinger Pfarrkirche begr\u00fc\u00dfen.<\/p><p><strong>Am Sonntag lud der Kgl. Kirchenchor \u201eSt. Johann\u201c zum Fr\u00fchlingskonzert in die Kirche nach Maldingen ein. Gemeinsam mit zwei Gastch\u00f6ren und einem vielseitigen Programm bescherten die S\u00e4nger den Zuh\u00f6rern unterhaltsame Stunden.<\/strong> Von Doris Curnel<\/p><p>Nach einer Premiere im vergangenen Jahr hat sich der Kirchenchor aus Maldingen auch in diesem Fr\u00fchling f\u00fcr die Kirche als Veranstaltungsort entschieden \u2013 dies nicht zuletzt wegen der beeindruckenden Akustik des Gotteshauses.<\/p><p><strong>Eine sch\u00f6ne Mischung aus sakralen und weltlichen Werken <\/strong><\/p><p>Zu Beginn des Konzerts traten die Gastgeber vor das zahlreich erschienene Publikum in der lichtdurchfluteten Kirche. Dabei lie\u00df es sich\u00a0 Vereinspr\u00e4sident Ludwig Maraite nicht nehmen, die Gastch\u00f6re aus M\u00fcrringen und Heinerscheid-Weiswampach zu begr\u00fc\u00dfen. <br \/>Den musikalischen Einstieg boten die \u201eSt. Johann\u201c-S\u00e4nger unter der Leitung von Jean-Luc Rousseau mit \u201eKomm Trost der Welt\u201c, einer einf\u00fchlsamen Vertonung des bekannten Gedichts von Joseph von Eichendorffs. Nach einem imposanten Lobpreis an Jesus Christ durch Piotr Jansczaks \u201eKyrie\u201c, bot der Maldinger Kirchenchor dem Publikum mit sanften Kl\u00e4ngen eine Hommage an \u201eDie Nacht\u201c. <br \/>Der erste Teil der musikalischen Matinee endete schlie\u00dflich mit einem Aufruf zur Liebe und Freude, Emotionen, die in der heutigen Zeit mehr denn je z\u00e4hlen. Dazu hat sich der Kirchenchor \u201eSt. Johann\u201c den gef\u00fchlvollen Song \u201eCaravan of Love\u201c der Isley Brothers auserw\u00e4hlt, mit Dirigent Jean-Luc Rousseau als Solist. Doch damit gab sich das Publikum nicht zufrieden und forderte eine Zugabe, die es in Form von \u201eOh, Freedom\u201c der Golden Gospel Singers erhielt.<br \/>Als zweiter Chor starteten die M\u00fcrringer Frauen von \u201eCanto Allegro\u201c ihr Programm mit dem der Jahreszeit angepassten Fr\u00fchlingsgru\u00df von Robert Schumann. Mit \u201eWenn ich ein V\u00f6glein w\u00e4r\u201c und \u201eDie Liab is a Bach\u201c folgten weitere Beitr\u00e4ge aus dem deutschen Volksliedgut. Doch\u00a0 Dirigentin Gudula Kinzler und ihre S\u00e4ngerinnen hatten auch international bekannte Songs im Gep\u00e4ck, darunter \u201eFrom a Distance\u201c, Billy Joels \u201eAnd so it goes\u201c oder \u201eFly with me\u201c aus dem Filmklassiker \u201eWie im Himmel\u201c. Den Popbereich deckte \u201eCanto Allegro\u201c ebenso ab, und zwar mit \u201eSolang\u2018 man Tr\u00e4ume noch leben kann\u201c und \u201eJ\u2019ai demand\u00e9 \u00e0 la lune\u201c der franz\u00f6sischen Band Indochine. Zum Abschied gab es mit \u201eWill ye go Laddie go\u201c ein\u00a0 bezauberndes Liebeslied an die Natur und als Zugabe den G\u00e4nsehaut verursachenden \u201eAndachtsjodler\u201c.<br \/>Ein weiterer Gastverein beim Fr\u00fchjahrskonzert in Maldingen waren die S\u00e4ngerfreunde aus Heinerscheid und Weiswampach. Unter der Leitung von Edmond Kremer startete der gemischte Chor mit der den \u00d6rtlichkeiten angepassten \u201eCantate Domino\u201c von Karl Jenkins. Den sakralen Bereich deckten die\u00a0 S\u00e4ngerinnen und S\u00e4nger im Laufe ihrer Darbietungen au\u00dferdem mit dem besinnlichen \u201eAve Verum\u201c, \u201eExultemus\u201c sowie den Marienverehrungen \u201eSancta Maria\u201c und \u201eAve Maria\u201c ab. Stimmgewaltig bat der Luxemburger Chor schlie\u00dflich um die richtigen Worte in Manfred Siebalds gleichnamiger Komposition. Ebenso beeindruckend fanden die Zuh\u00f6rer die Interpretationen der Welthits \u201eConquest oft\u00a0 Paradise\u201c, \u201eThe Rose\u201c und, zum Finale den Gospelsong \u201eI will follow him\u201c und somit entlie\u00dfen sie auch die S\u00e4ngerfreunde Heinerscheid &amp; Weiswampach erst nach einer wohlverdienten Zugabe in Form von Siegfried Fietz\u2018 \u201eSehnsucht nach Frieden\u201c in den\u00a0 Feierabend. <br \/>Im Anschluss an das Konzert hatten Publikum und Akteure die Gelegenheit, sich bei einem geselligen Grillnachmittag im Vereinslokal des Kirchenchors \u201eSt. Johann\u201c auszutauschen.<\/p><div id=\"ConnectiveDocSignExtentionInstalled\" data-extension-version=\"1.0.4\">\u00a0<\/div>\t\t\t\t\t\t\t\t<\/div>\n\t\t\t\t<\/div>\n\t\t\t\t\t<\/div>\n\t\t\t\t<\/div>\n\t\t<div class=\"elementor-element elementor-element-8344e10 e-flex e-con-boxed e-con e-parent\" data-id=\"8344e10\" data-element_type=\"container\" data-e-type=\"container\">\n\t\t\t\t\t<div class=\"e-con-inner\">\n\t\t<div class=\"elementor-element elementor-element-95d391c e-con-full e-flex e-con e-child\" data-id=\"95d391c\" data-element_type=\"container\" data-e-type=\"container\">\n\t\t\t\t<div class=\"elementor-element elementor-element-cb67bf2 elementor-widget elementor-widget-image\" data-id=\"cb67bf2\" data-element_type=\"widget\" data-e-type=\"widget\" data-widget_type=\"image.default\">\n\t\t\t\t<div class=\"elementor-widget-container\">\n\t\t\t\t\t\t\t\t\t\t\t\t\t\t\t<img fetchpriority=\"high\" decoding=\"async\" width=\"1024\" height=\"477\" src=\"https:\/\/www.maldingen.be\/wp-content\/uploads\/2024\/05\/Chor-Frauen-Muerringen-1024x477.jpg\" class=\"attachment-large size-large wp-image-7822\" alt=\"\" srcset=\"https:\/\/www.maldingen.be\/wp-content\/uploads\/2024\/05\/Chor-Frauen-Muerringen-1024x477.jpg 1024w, https:\/\/www.maldingen.be\/wp-content\/uploads\/2024\/05\/Chor-Frauen-Muerringen-300x140.jpg 300w, https:\/\/www.maldingen.be\/wp-content\/uploads\/2024\/05\/Chor-Frauen-Muerringen-768x358.jpg 768w, https:\/\/www.maldingen.be\/wp-content\/uploads\/2024\/05\/Chor-Frauen-Muerringen-600x279.jpg 600w, https:\/\/www.maldingen.be\/wp-content\/uploads\/2024\/05\/Chor-Frauen-Muerringen.jpg 1121w\" sizes=\"(max-width: 1024px) 100vw, 1024px\" \/>\t\t\t\t\t\t\t\t\t\t\t\t\t\t\t<\/div>\n\t\t\t\t<\/div>\n\t\t\t\t<div class=\"elementor-element elementor-element-211e604 elementor-widget elementor-widget-text-editor\" data-id=\"211e604\" data-element_type=\"widget\" data-e-type=\"widget\" data-widget_type=\"text-editor.default\">\n\t\t\t\t<div class=\"elementor-widget-container\">\n\t\t\t\t\t\t\t\t\t<p>Die Frauen von \u201eCanto Allegro\u201c interpretierten auch international bekannte Songs.<\/p><div id=\"ConnectiveDocSignExtentionInstalled\" data-extension-version=\"1.0.4\">\u00a0<\/div>\t\t\t\t\t\t\t\t<\/div>\n\t\t\t\t<\/div>\n\t\t\t\t<\/div>\n\t\t\t\t\t<\/div>\n\t\t\t\t<\/div>\n\t\t<div class=\"elementor-element elementor-element-4124c08 e-flex e-con-boxed e-con e-parent\" data-id=\"4124c08\" data-element_type=\"container\" data-e-type=\"container\">\n\t\t\t\t\t<div class=\"e-con-inner\">\n\t\t<div class=\"elementor-element elementor-element-f8dfb99 e-con-full e-flex e-con e-child\" data-id=\"f8dfb99\" data-element_type=\"container\" data-e-type=\"container\">\n\t\t\t\t<div class=\"elementor-element elementor-element-8068216 elementor-widget elementor-widget-image\" data-id=\"8068216\" data-element_type=\"widget\" data-e-type=\"widget\" data-widget_type=\"image.default\">\n\t\t\t\t<div class=\"elementor-widget-container\">\n\t\t\t\t\t\t\t\t\t\t\t\t\t\t\t<img decoding=\"async\" width=\"1024\" height=\"476\" src=\"https:\/\/www.maldingen.be\/wp-content\/uploads\/2024\/05\/Chor-Heinerscheid-Weiswampach-1024x476.jpg\" class=\"attachment-large size-large wp-image-7821\" alt=\"\" srcset=\"https:\/\/www.maldingen.be\/wp-content\/uploads\/2024\/05\/Chor-Heinerscheid-Weiswampach-1024x476.jpg 1024w, https:\/\/www.maldingen.be\/wp-content\/uploads\/2024\/05\/Chor-Heinerscheid-Weiswampach-300x139.jpg 300w, https:\/\/www.maldingen.be\/wp-content\/uploads\/2024\/05\/Chor-Heinerscheid-Weiswampach-768x357.jpg 768w, https:\/\/www.maldingen.be\/wp-content\/uploads\/2024\/05\/Chor-Heinerscheid-Weiswampach-600x279.jpg 600w, https:\/\/www.maldingen.be\/wp-content\/uploads\/2024\/05\/Chor-Heinerscheid-Weiswampach.jpg 1121w\" sizes=\"(max-width: 1024px) 100vw, 1024px\" \/>\t\t\t\t\t\t\t\t\t\t\t\t\t\t\t<\/div>\n\t\t\t\t<\/div>\n\t\t\t\t<div class=\"elementor-element elementor-element-036000d elementor-widget elementor-widget-text-editor\" data-id=\"036000d\" data-element_type=\"widget\" data-e-type=\"widget\" data-widget_type=\"text-editor.default\">\n\t\t\t\t<div class=\"elementor-widget-container\">\n\t\t\t\t\t\t\t\t\t<p>Auch die S\u00e4ngerfreunde aus Weiswampach und Heinerscheid waren in Maldingen zu Gast.<\/p><div id=\"ConnectiveDocSignExtentionInstalled\" data-extension-version=\"1.0.4\">\u00a0<\/div>\t\t\t\t\t\t\t\t<\/div>\n\t\t\t\t<\/div>\n\t\t\t\t<div class=\"elementor-element elementor-element-2a6e299 elementor-widget elementor-widget-text-editor\" data-id=\"2a6e299\" data-element_type=\"widget\" data-e-type=\"widget\" data-widget_type=\"text-editor.default\">\n\t\t\t\t<div class=\"elementor-widget-container\">\n\t\t\t\t\t\t\t\t\t<p>Quelle: Grenz-Echo 08.05.2024<\/p><div id=\"ConnectiveDocSignExtentionInstalled\" data-extension-version=\"1.0.4\">\u00a0<\/div>\t\t\t\t\t\t\t\t<\/div>\n\t\t\t\t<\/div>\n\t\t\t\t<\/div>\n\t\t<div class=\"elementor-element elementor-element-88e1a1c e-con-full e-flex e-con e-child\" data-id=\"88e1a1c\" data-element_type=\"container\" data-e-type=\"container\">\n\t\t\t\t<\/div>\n\t\t\t\t\t<\/div>\n\t\t\t\t<\/div>\n\t\t<div class=\"elementor-element elementor-element-efdea6e e-flex e-con-boxed e-con e-parent\" data-id=\"efdea6e\" data-element_type=\"container\" data-e-type=\"container\">\n\t\t\t\t\t<div class=\"e-con-inner\">\n\t\t\t\t\t<\/div>\n\t\t\t\t<\/div>\n\t\t\t\t<\/div>\n\t\t","protected":false},"excerpt":{"rendered":"<p>Am Sonntag lud der Kgl.<br \/>\nKirchenchor \u201eSt. Johann\u201c<br \/>\nzum Fr\u00fchlingskonzert in<br \/>\ndie Kirche nach Maldingen<br \/>\nein.<\/p>\n","protected":false},"author":1,"featured_media":7823,"comment_status":"closed","ping_status":"closed","sticky":false,"template":"","format":"standard","meta":{"footnotes":""},"categories":[2],"tags":[],"class_list":["post-7819","post","type-post","status-publish","format-standard","has-post-thumbnail","hentry","category-news"],"_links":{"self":[{"href":"https:\/\/www.maldingen.be\/index.php\/wp-json\/wp\/v2\/posts\/7819","targetHints":{"allow":["GET"]}}],"collection":[{"href":"https:\/\/www.maldingen.be\/index.php\/wp-json\/wp\/v2\/posts"}],"about":[{"href":"https:\/\/www.maldingen.be\/index.php\/wp-json\/wp\/v2\/types\/post"}],"author":[{"embeddable":true,"href":"https:\/\/www.maldingen.be\/index.php\/wp-json\/wp\/v2\/users\/1"}],"replies":[{"embeddable":true,"href":"https:\/\/www.maldingen.be\/index.php\/wp-json\/wp\/v2\/comments?post=7819"}],"version-history":[{"count":10,"href":"https:\/\/www.maldingen.be\/index.php\/wp-json\/wp\/v2\/posts\/7819\/revisions"}],"predecessor-version":[{"id":7833,"href":"https:\/\/www.maldingen.be\/index.php\/wp-json\/wp\/v2\/posts\/7819\/revisions\/7833"}],"wp:featuredmedia":[{"embeddable":true,"href":"https:\/\/www.maldingen.be\/index.php\/wp-json\/wp\/v2\/media\/7823"}],"wp:attachment":[{"href":"https:\/\/www.maldingen.be\/index.php\/wp-json\/wp\/v2\/media?parent=7819"}],"wp:term":[{"taxonomy":"category","embeddable":true,"href":"https:\/\/www.maldingen.be\/index.php\/wp-json\/wp\/v2\/categories?post=7819"},{"taxonomy":"post_tag","embeddable":true,"href":"https:\/\/www.maldingen.be\/index.php\/wp-json\/wp\/v2\/tags?post=7819"}],"curies":[{"name":"wp","href":"https:\/\/api.w.org\/{rel}","templated":true}]}}