{"id":8077,"date":"2024-12-05T07:54:06","date_gmt":"2024-12-05T07:54:06","guid":{"rendered":"https:\/\/www.maldingen.be\/?p=8077"},"modified":"2025-01-20T18:03:53","modified_gmt":"2025-01-20T18:03:53","slug":"preisverleihung-kuerbiswettbewerb","status":"publish","type":"post","link":"https:\/\/www.maldingen.be\/index.php\/2024\/12\/05\/preisverleihung-kuerbiswettbewerb\/","title":{"rendered":"Preisverleihung K\u00fcrbiswettbewerb"},"content":{"rendered":"\t\t<div data-elementor-type=\"wp-post\" data-elementor-id=\"8077\" class=\"elementor elementor-8077\">\n\t\t\t\t<div class=\"elementor-element elementor-element-c41e87a e-flex e-con-boxed e-con e-parent\" data-id=\"c41e87a\" data-element_type=\"container\" data-e-type=\"container\">\n\t\t\t\t\t<div class=\"e-con-inner\">\n\t\t\t\t<div class=\"elementor-element elementor-element-d8378fd elementor-widget elementor-widget-text-editor\" data-id=\"d8378fd\" data-element_type=\"widget\" data-e-type=\"widget\" data-widget_type=\"text-editor.default\">\n\t\t\t\t<div class=\"elementor-widget-container\">\n\t\t\t\t\t\t\t\t\t<p><strong>Gr\u00fcner\u00a0 Daumen &#8211; orangene Ernte<\/strong><\/p><p>Im Fr\u00fchjahr wurden von den Kindern des Kindergartens und der Schule die K\u00fcrbisssamen gepflanzt. Kurze Zeit sp\u00e4ter wurden die kleinen K\u00fcrbispflanzen den Kindern zum Auspflanzen mitgegeben.\u00a0 Leider war dieses Gartenjahr f\u00fcr den K\u00fcrbisanbau schwierig. So war ein gr\u00fcner Daumen gefragt, um die Pflanzen vor hungrigen Schnecken und anderen Krankheiten zu sch\u00fctzen. Nach langer intensiver Hege und Pflege konnten Anfang Oktober zahlreiche K\u00fcrbisse vermessen und gewogen werden.<br \/>Bei der Preisverleihung am Folgetag wurden die Ergebnisse der langen Arbeit pr\u00e4sentiert. Wir danken den Kindern f\u00fcr ihren Einsatz und den (Gro\u00df)Eltern f\u00fcr ihre Hilfe. Als kleine Anerkennung f\u00fcr ihre Bem\u00fchungen bekamen alle kleinen G\u00e4rtner\/innen eine kleine s\u00fc\u00dfe Aufmerksamkeit.\u00a0<\/p><div id=\"ConnectiveDocSignExtentionInstalled\" data-extension-version=\"1.0.4\">\u00a0<\/div>\t\t\t\t\t\t\t\t<\/div>\n\t\t\t\t<\/div>\n\t\t\t\t\t<\/div>\n\t\t\t\t<\/div>\n\t\t<div class=\"elementor-element elementor-element-594872a e-flex e-con-boxed e-con e-parent\" data-id=\"594872a\" data-element_type=\"container\" data-e-type=\"container\">\n\t\t\t\t\t<div class=\"e-con-inner\">\n\t\t\t\t<div class=\"elementor-element elementor-element-1126a95 elementor-widget elementor-widget-image\" data-id=\"1126a95\" data-element_type=\"widget\" data-e-type=\"widget\" data-widget_type=\"image.default\">\n\t\t\t\t<div class=\"elementor-widget-container\">\n\t\t\t\t\t\t\t\t\t\t\t\t\t\t\t<img fetchpriority=\"high\" decoding=\"async\" width=\"1024\" height=\"683\" src=\"https:\/\/www.maldingen.be\/wp-content\/uploads\/2024\/12\/Kuerbiswettbewerb-2.2-1024x683.jpg\" class=\"attachment-large size-large wp-image-8080\" alt=\"\" srcset=\"https:\/\/www.maldingen.be\/wp-content\/uploads\/2024\/12\/Kuerbiswettbewerb-2.2-1024x683.jpg 1024w, https:\/\/www.maldingen.be\/wp-content\/uploads\/2024\/12\/Kuerbiswettbewerb-2.2-300x200.jpg 300w, https:\/\/www.maldingen.be\/wp-content\/uploads\/2024\/12\/Kuerbiswettbewerb-2.2-768x512.jpg 768w, https:\/\/www.maldingen.be\/wp-content\/uploads\/2024\/12\/Kuerbiswettbewerb-2.2-1536x1024.jpg 1536w, https:\/\/www.maldingen.be\/wp-content\/uploads\/2024\/12\/Kuerbiswettbewerb-2.2-2048x1365.jpg 2048w, https:\/\/www.maldingen.be\/wp-content\/uploads\/2024\/12\/Kuerbiswettbewerb-2.2-600x400.jpg 600w\" sizes=\"(max-width: 1024px) 100vw, 1024px\" \/>\t\t\t\t\t\t\t\t\t\t\t\t\t\t\t<\/div>\n\t\t\t\t<\/div>\n\t\t\t\t<div class=\"elementor-element elementor-element-0a151e9 elementor-widget elementor-widget-image\" data-id=\"0a151e9\" data-element_type=\"widget\" data-e-type=\"widget\" data-widget_type=\"image.default\">\n\t\t\t\t<div class=\"elementor-widget-container\">\n\t\t\t\t\t\t\t\t\t\t\t\t\t\t\t<img decoding=\"async\" width=\"1024\" height=\"683\" src=\"https:\/\/www.maldingen.be\/wp-content\/uploads\/2024\/12\/Kuerbiswettbewerb-3-1024x683.jpg\" class=\"attachment-large size-large wp-image-8078\" alt=\"\" srcset=\"https:\/\/www.maldingen.be\/wp-content\/uploads\/2024\/12\/Kuerbiswettbewerb-3-1024x683.jpg 1024w, https:\/\/www.maldingen.be\/wp-content\/uploads\/2024\/12\/Kuerbiswettbewerb-3-300x200.jpg 300w, https:\/\/www.maldingen.be\/wp-content\/uploads\/2024\/12\/Kuerbiswettbewerb-3-768x512.jpg 768w, https:\/\/www.maldingen.be\/wp-content\/uploads\/2024\/12\/Kuerbiswettbewerb-3-1536x1024.jpg 1536w, https:\/\/www.maldingen.be\/wp-content\/uploads\/2024\/12\/Kuerbiswettbewerb-3-2048x1365.jpg 2048w, https:\/\/www.maldingen.be\/wp-content\/uploads\/2024\/12\/Kuerbiswettbewerb-3-600x400.jpg 600w\" sizes=\"(max-width: 1024px) 100vw, 1024px\" \/>\t\t\t\t\t\t\t\t\t\t\t\t\t\t\t<\/div>\n\t\t\t\t<\/div>\n\t\t\t\t\t<\/div>\n\t\t\t\t<\/div>\n\t\t\t\t<\/div>\n\t\t","protected":false},"excerpt":{"rendered":"<p>Gr\u00fcner\u00a0 Daumen &#8211; orangene Ernte Im Fr\u00fchjahr wurden von den Kindern des Kindergartens und der Schule die K\u00fcrbisssamen gepflanzt. Kurze Zeit sp\u00e4ter wurden die kleinen K\u00fcrbispflanzen den Kindern zum Auspflanzen mitgegeben.\u00a0 Leider war dieses Gartenjahr f\u00fcr den K\u00fcrbisanbau schwierig. So war ein gr\u00fcner Daumen gefragt, um die Pflanzen vor hungrigen Schnecken und anderen Krankheiten zu &hellip;<\/p>\n","protected":false},"author":1,"featured_media":8081,"comment_status":"closed","ping_status":"open","sticky":false,"template":"","format":"standard","meta":{"footnotes":""},"categories":[2],"tags":[],"class_list":["post-8077","post","type-post","status-publish","format-standard","has-post-thumbnail","hentry","category-news"],"_links":{"self":[{"href":"https:\/\/www.maldingen.be\/index.php\/wp-json\/wp\/v2\/posts\/8077","targetHints":{"allow":["GET"]}}],"collection":[{"href":"https:\/\/www.maldingen.be\/index.php\/wp-json\/wp\/v2\/posts"}],"about":[{"href":"https:\/\/www.maldingen.be\/index.php\/wp-json\/wp\/v2\/types\/post"}],"author":[{"embeddable":true,"href":"https:\/\/www.maldingen.be\/index.php\/wp-json\/wp\/v2\/users\/1"}],"replies":[{"embeddable":true,"href":"https:\/\/www.maldingen.be\/index.php\/wp-json\/wp\/v2\/comments?post=8077"}],"version-history":[{"count":8,"href":"https:\/\/www.maldingen.be\/index.php\/wp-json\/wp\/v2\/posts\/8077\/revisions"}],"predecessor-version":[{"id":8090,"href":"https:\/\/www.maldingen.be\/index.php\/wp-json\/wp\/v2\/posts\/8077\/revisions\/8090"}],"wp:featuredmedia":[{"embeddable":true,"href":"https:\/\/www.maldingen.be\/index.php\/wp-json\/wp\/v2\/media\/8081"}],"wp:attachment":[{"href":"https:\/\/www.maldingen.be\/index.php\/wp-json\/wp\/v2\/media?parent=8077"}],"wp:term":[{"taxonomy":"category","embeddable":true,"href":"https:\/\/www.maldingen.be\/index.php\/wp-json\/wp\/v2\/categories?post=8077"},{"taxonomy":"post_tag","embeddable":true,"href":"https:\/\/www.maldingen.be\/index.php\/wp-json\/wp\/v2\/tags?post=8077"}],"curies":[{"name":"wp","href":"https:\/\/api.w.org\/{rel}","templated":true}]}}