{"id":8231,"date":"2025-04-28T19:31:00","date_gmt":"2025-04-28T19:31:00","guid":{"rendered":"https:\/\/www.maldingen.be\/?p=8231"},"modified":"2025-05-02T08:13:00","modified_gmt":"2025-05-02T08:13:00","slug":"ein-halbes-jahrhundert-im-takt","status":"publish","type":"post","link":"https:\/\/www.maldingen.be\/index.php\/2025\/04\/28\/ein-halbes-jahrhundert-im-takt\/","title":{"rendered":"Ein halbes Jahrhundert im Takt"},"content":{"rendered":"\t\t<div data-elementor-type=\"wp-post\" data-elementor-id=\"8231\" class=\"elementor elementor-8231\">\n\t\t\t\t<div class=\"elementor-element elementor-element-07d233d e-flex e-con-boxed e-con e-parent\" data-id=\"07d233d\" data-element_type=\"container\" data-e-type=\"container\">\n\t\t\t\t\t<div class=\"e-con-inner\">\n\t\t\t\t<div class=\"elementor-element elementor-element-84cf362 elementor-widget elementor-widget-text-editor\" data-id=\"84cf362\" data-element_type=\"widget\" data-e-type=\"widget\" data-widget_type=\"text-editor.default\">\n\t\t\t\t<div class=\"elementor-widget-container\">\n\t\t\t\t\t\t\t\t\t<p>Jubil\u00e4um: Musikverein \u201eEcho vom Hochtumsknopf\u201c Maldingen ist am ersten Maiwochenende in Feierlaune<\/p><p><strong>Es begann mit einer Primiz \u2013 und endete in einem Paukenschlag. Als 1974 mit dem Musikverein aus Espeler ein ausw\u00e4rtiger Verein durch die Maldinger Gassen marschierte, sa\u00df der Stachel tief: Ein so seltener Moment wie eine Primiz im Dorfleben \u2013 begleitet von fremden <\/strong><strong>Kl\u00e4ngen? Das konnte, das durfte nicht sein. Was folgte, war kein Aufstand, sondern ein Aufbruch.<\/strong> (Von Gerd Hennen)<\/p><p>In nur 16 Wochen wurde aus verletztem Stolz eine musikalische Vision. Heute, 50 Jahre sp\u00e4ter, ist aus dieser Idee ein Klangk\u00f6rper geworden, der weit \u00fcber Maldingen hinaus geh\u00f6rt wird: Das \u201eEcho vom Hochtumsknopf\u201c feiert sein goldenes 50-j\u00e4hriges Jubil\u00e4um \u2013 mit neuer Uniform, k\u00f6niglichem Titel und jeder Menge Feierlaune.<\/p><p><strong>Kontakte gekn\u00fcpft und einen Musikverein auf die Beine gestellt<\/strong><\/p><p>In Maldingen gen\u00fcgte eine Primiz, genauer gesagt die des frisch gebackenen Priesters Josef Timmermann, der 1974 in Maldingen seine Primiz feierte. Doch die eigentliche Offenbarung fand nicht auf der Kanzel statt, sondern zwischen den Taktstrichen eines ausw\u00e4rtigen Musikvereins. Da Maldingen \u00fcber keinen eigenen Musikverein verf\u00fcgte, musste ein w\u00fcrdiges Klangkollektiv aus Espeler importiert werden, um diesen heiligen Moment musikalisch zu untermalen. Bei einigen eingefleischten Maldingern hinterlie\u00df dieser Import Spuren, ja, die lokale Volksseele wurde offiziell angekratzt. \u201eWenn die Espeler das k\u00f6nnen, dann k\u00f6nnen wir das erst recht!\u201c So oder so \u00e4hnlich muss es in den K\u00f6pfen von Peter Gillessen, Nikolaus Scheuren, Jonas Peiffer und Marcel Felten geklungen haben. Der Zufall wollte es, dass die Firma Gillessen genau zu dieser Zeit einen Bauauftrag im Bahnhof von Gouvy hatte. Der damalige Bahnhofsvorsteher war kein Geringerer als Edmund Klontz aus Lommersweiler, zugleich Pr\u00e4sident des ostbelgischen Musikverbandes F\u00f6dekam und somit bestens vernetzt. Bei einer Kaffeepause unterhielten sich die \u201ebeleidigten\u201c Maldinger mit dem Bahnhofsvorsteher und Edmund Klontz meinte aufmunternd, was Espeler musikalisch k\u00f6nne, m\u00fcsse doch auch in Maldingen m\u00f6glich sein. Klontz war ein Mann, der nicht nur ein Herz f\u00fcr die Musik hatte, sondern auch ein feines Gesp\u00fcr f\u00fcr Aufbruchstimmung. Marcel Felten, der bereits im D\u00fcrler Musikverein mitspielte, best\u00e4tigte dies und beide \u201eF\u00fcrsprecher\u201c sagten ihre Unterst\u00fctzung zu. Alle Beteiligten waren von der Idee der Vereinsgr\u00fcndung begeistert, und der Funke sprang schnell auf weitere Musikfreunde aus Maldingen \u00fcber. Keine 16 Wochen nach der Primiz war es dann soweit: Am 24. Oktober 1974 erblickte der Musikverein \u201eEcho vom Hochtumsknopf\u201c das Licht der Klangwelt. Die Gr\u00fcndungsversammlung fand im \u201eS\u00e4lchen\u201c des Pfarrhauses statt \u2013 und was klein begann, wuchs schnell. Mit 52 motivierten Musikfreunden war klar: Hier geht was &#8211; und zwar mit Taktgef\u00fchl. Dirigent der ersten Stunde war Wilhelm Reuten aus Lommersweiler. Reuten war bereits Dirigent in Espeler und Gr\u00fcndungsmitglied des Musikvereins aus Lommersweiler. Ein Mann mit einer klingenden musikalischen Vita, aber leider ohne F\u00fchrerschein. Kein Problem f\u00fcr die Maldinger: Sie schleppten nicht nur Instrumente und Noten, sondern chauffierten auch den Maestro zur Probe und wieder nach Hause. Die Heimfahrten waren nat\u00fcrlich immer mit einem obligatorischen Boxenstopp im legend\u00e4ren \u201eTivoli\u201c auf dem Metz verbunden. Musik war in Maldingen von Anfang an auch ein Synonym f\u00fcr Geselligkeit. Wer dem Musikverein seinen Namen gibt, setzt ein Zeichen. Nicht irgendeinen Klang, sondern ein Echo. Nicht irgendeinen Ort, sondern den Hochtumsknopf &#8211; eine historische fast sagenumwobene Erhebung zwischen Maldingen und Schirm. So seltsam der Name klingt, so tief ist er im kollektiven Ged\u00e4chtnis Maldingens und der ganzen Region verankert. Der Hochtumsknopf ist kein gew\u00f6hnlicher H\u00fcgel. Er ist Denkmal, Landmarke, Sage. Schon die R\u00f6mer sollen hier ihre Spuren hinterlassen haben. Ein r\u00f6mischer Heerf\u00fchrer soll unter dem H\u00fcgel seine letzte Ruhest\u00e4tte gefunden haben. So umgibt den Ort eine Aura von Ewigkeit, Treue und Tradition. Und genau deshalb passt er wie kein anderer zur Idee des Musikvereins. Denn was ist ein Verein anderes als ein Bewahrer alter Geschichten, ein Tr\u00e4ger kultureller Kontinuit\u00e4t &#8211; und manchmal eben auch ein Echo aus l\u00e4ngst vergangenen Tagen? So ist das \u201eEcho vom Hochtumsknopf\u201c mehr als ein poetischer Name, es ist ein Bekenntnis zu Herkunft, Heimat, Haltung. Am 21. M\u00e4rz 1975 wurde der Verein offiziell als Gesellschaft ohne Erwerbszweck eingetragen \u2013 und der Rest ist, wie man so sch\u00f6n sagt: Geschichte in Dur und Moll. 1981 trat der Musikverein \u201eEcho vom Hochtumsknopf\u201c erstmals in neuer Uniform auf und pr\u00e4sentierte stolz seine erste Vereinsfahne. Im Mai 1984, wurde bereits der erste runde Geburtstag gefeiert. Zum zehnj\u00e4hrigen Bestehen lud der Verein zum gro\u00dfen Zeltfest ein, das nicht nur musikalisch, sondern auch gesellschaftlich zum Dorfereignis wurde. Auch das Silberjubil\u00e4um im Mai 1999 war ein Fest mit Format: drei Tage Blasmusik, Geselligkeit und Gemeinschaft. P\u00fcnktlich zum 25-j\u00e4hrigen Jubil\u00e4um wurden nicht nur eine neue Vereinsfahne, sondern auch frische Uniformen angeschafft \u2013 ein sichtbares Zeichen f\u00fcr Wandel und Wachstum. In den f\u00fcnf Jahrzehnten seit der Gr\u00fcndung standen sechs Pr\u00e4sidenten und vier Dirigenten an der Spitze des Vereins \u2013 jeder von ihnen pr\u00e4gte das Echo auf seine Weise. Heute z\u00e4hlt der Verein 36 aktive Mitglieder, darunter f\u00fcnf Fahnentr\u00e4ger. Das j\u00fcngste Mitglied ist gerade einmal 16 Jahre alt \u2013 ein lebendiger Beweis daf\u00fcr, dass der Verein mit der Zeit geht, ohne seine Wurzeln zu vergessen. Das musikalische Jahr ist gut ausgef\u00fcllt: Rund 40 Proben und ein Dutzend Auftritte stehen im Kalender \u2013 von klassischen Konzerten \u00fcber Fr\u00fchschoppen bis hin zu Prozessionen, Karnevalsumz\u00fcgen und Vereinsjubil\u00e4en. Besonders beliebt: das j\u00e4hrliche Konzert im Oktober, zu dem regelm\u00e4\u00dfig befreundete Musikvereine als Gastmusiker eingeladen werden. Aber Musik ist nicht alles. Wer beim \u201eEcho vom Hochtumsknopf\u201c spielt, zapft auch mal Bier im Theaterverein oder hilft im Kirchenchor aus. Gemeinschaft ist hier nicht nur ein sch\u00f6nes Wort \u2013 sie wird gelebt. Ausfl\u00fcge, Familientage und gesellige Abende sind fester Bestandteil des Vereinsjahres \u2013 Maldingen klingt eben das ganze Jahr \u00fcber gut. Auch musikalisch stand der Verein nie still: 2014 nahm man erstmals am Einstufungswettbewerb des Musikverbandes F\u00f6dekam teil \u2013 mit stolzen 80,3 Prozent in der dritten Kategorie. Vier Jahre sp\u00e4ter wagte man sich eine Stufe h\u00f6her und erreichte 86,2 Prozent in der zweiten Kategorie. Im vergangenen Herbst trat der Verein in der ersten Kategorie an und erreichte beachtliche 79,5 Prozent \u2013 ein Resultat, das sich h\u00f6ren lassen kann.<\/p><p><strong>K\u00fcnftig hei\u00dft es <\/strong><strong>Kgl. Musikverein \u201eEcho <\/strong><strong>vom Hochtumsknopf\u201c <\/strong><strong>Maldingen.<\/strong><\/p><p>Zum 50. Geburtstag gibt es nicht nur einen feierlichen Titel \u2013 K\u00f6niglicher Musikverein, das klingt fast wie ein Ritterschlag in Notenform \u2013 sondern auch frische Uniformen. Schlie\u00dflich will man auch optisch gl\u00e4nzen, wenn die Chronik in Goldbuchstaben geschrieben wird. Wer tiefer in f\u00fcnf Jahrzehnte voller Anekdoten, Auftritte und Alltagsgeschichte eintauchen m\u00f6chte, kann die frisch erschienene Vereinschronik am Festwochenende erwerben: \u201eF\u00fcr 20 Euro ein St\u00fcck klingende Geschichte zum Mitnehmen\u201c, verspricht Pr\u00e4sidentin Marion K\u00f6nigs.<\/p><div id=\"ConnectiveDocSignExtentionInstalled\" data-extension-version=\"1.0.4\">\u00a0<\/div>\t\t\t\t\t\t\t\t<\/div>\n\t\t\t\t<\/div>\n\t\t\t\t\t<\/div>\n\t\t\t\t<\/div>\n\t\t<div class=\"elementor-element elementor-element-36f7469 e-flex e-con-boxed e-con e-parent\" data-id=\"36f7469\" data-element_type=\"container\" data-e-type=\"container\">\n\t\t\t\t\t<div class=\"e-con-inner\">\n\t\t<div class=\"elementor-element elementor-element-bd15dce e-con-full e-flex e-con e-child\" data-id=\"bd15dce\" data-element_type=\"container\" data-e-type=\"container\">\n\t\t\t\t<div class=\"elementor-element elementor-element-3ddf958 elementor-widget elementor-widget-image\" data-id=\"3ddf958\" data-element_type=\"widget\" data-e-type=\"widget\" data-widget_type=\"image.default\">\n\t\t\t\t<div class=\"elementor-widget-container\">\n\t\t\t\t\t\t\t\t\t\t\t\t\t\t\t<img fetchpriority=\"high\" decoding=\"async\" width=\"738\" height=\"492\" src=\"https:\/\/www.maldingen.be\/wp-content\/uploads\/2025\/05\/Grenz-Echo-20250428-1.jpg\" class=\"attachment-large size-large wp-image-8233\" alt=\"\" srcset=\"https:\/\/www.maldingen.be\/wp-content\/uploads\/2025\/05\/Grenz-Echo-20250428-1.jpg 738w, https:\/\/www.maldingen.be\/wp-content\/uploads\/2025\/05\/Grenz-Echo-20250428-1-300x200.jpg 300w, https:\/\/www.maldingen.be\/wp-content\/uploads\/2025\/05\/Grenz-Echo-20250428-1-600x400.jpg 600w\" sizes=\"(max-width: 738px) 100vw, 738px\" \/>\t\t\t\t\t\t\t\t\t\t\t\t\t\t\t<\/div>\n\t\t\t\t<\/div>\n\t\t\t\t<div class=\"elementor-element elementor-element-019e47a elementor-widget elementor-widget-text-editor\" data-id=\"019e47a\" data-element_type=\"widget\" data-e-type=\"widget\" data-widget_type=\"text-editor.default\">\n\t\t\t\t<div class=\"elementor-widget-container\">\n\t\t\t\t\t\t\t\t\t<p style=\"text-align: left;\">Der Maldinger Musikverein ist eine feste Gr\u00f6\u00dfe geworden. Heute z\u00e4hlt der Verein 36 aktive Mitglieder, darunter f\u00fcnf Fahnentr\u00e4ger. Das j\u00fcngste Mitglied ist 16 Jahre alt.<\/p><div id=\"ConnectiveDocSignExtentionInstalled\" data-extension-version=\"1.0.4\">\u00a0<\/div>\t\t\t\t\t\t\t\t<\/div>\n\t\t\t\t<\/div>\n\t\t\t\t<\/div>\n\t\t\t\t\t<\/div>\n\t\t\t\t<\/div>\n\t\t<div class=\"elementor-element elementor-element-341981a e-flex e-con-boxed e-con e-parent\" data-id=\"341981a\" data-element_type=\"container\" data-e-type=\"container\">\n\t\t\t\t\t<div class=\"e-con-inner\">\n\t\t<div class=\"elementor-element elementor-element-615dfea e-con-full e-flex e-con e-child\" data-id=\"615dfea\" data-element_type=\"container\" data-e-type=\"container\">\n\t\t\t\t<div class=\"elementor-element elementor-element-a83d2b1 elementor-widget elementor-widget-text-editor\" data-id=\"a83d2b1\" data-element_type=\"widget\" data-e-type=\"widget\" data-widget_type=\"text-editor.default\">\n\t\t\t\t<div class=\"elementor-widget-container\">\n\t\t\t\t\t\t\t\t\t<p>Programm: Befreundete Musikvereine und vieles mehr in Maldingen<\/p><div id=\"ConnectiveDocSignExtentionInstalled\" data-extension-version=\"1.0.4\">\u00a0<\/div>\t\t\t\t\t\t\t\t<\/div>\n\t\t\t\t<\/div>\n\t\t\t\t<\/div>\n\t\t<div class=\"elementor-element elementor-element-b206745 e-con-full e-flex e-con e-child\" data-id=\"b206745\" data-element_type=\"container\" data-e-type=\"container\">\n\t\t\t\t<div class=\"elementor-element elementor-element-755ef05 elementor-widget elementor-widget-image\" data-id=\"755ef05\" data-element_type=\"widget\" data-e-type=\"widget\" data-widget_type=\"image.default\">\n\t\t\t\t<div class=\"elementor-widget-container\">\n\t\t\t\t\t\t\t\t\t\t\t\t\t\t\t<img decoding=\"async\" width=\"737\" height=\"492\" src=\"https:\/\/www.maldingen.be\/wp-content\/uploads\/2025\/05\/Grenz-Echo-20250428-2.jpg\" class=\"attachment-large size-large wp-image-8234\" alt=\"\" srcset=\"https:\/\/www.maldingen.be\/wp-content\/uploads\/2025\/05\/Grenz-Echo-20250428-2.jpg 737w, https:\/\/www.maldingen.be\/wp-content\/uploads\/2025\/05\/Grenz-Echo-20250428-2-300x200.jpg 300w, https:\/\/www.maldingen.be\/wp-content\/uploads\/2025\/05\/Grenz-Echo-20250428-2-600x401.jpg 600w\" sizes=\"(max-width: 737px) 100vw, 737px\" \/>\t\t\t\t\t\t\t\t\t\t\t\t\t\t\t<\/div>\n\t\t\t\t<\/div>\n\t\t\t\t<\/div>\n\t\t\t\t\t<\/div>\n\t\t\t\t<\/div>\n\t\t<div class=\"elementor-element elementor-element-0db976a e-flex e-con-boxed e-con e-parent\" data-id=\"0db976a\" data-element_type=\"container\" data-e-type=\"container\">\n\t\t\t\t\t<div class=\"e-con-inner\">\n\t\t\t\t<div class=\"elementor-element elementor-element-4d434f9 elementor-widget elementor-widget-text-editor\" data-id=\"4d434f9\" data-element_type=\"widget\" data-e-type=\"widget\" data-widget_type=\"text-editor.default\">\n\t\t\t\t<div class=\"elementor-widget-container\">\n\t\t\t\t\t\t\t\t\t<p>Der Maldinger Musikverein darf sich k\u00fcnftig \u201eK\u00f6niglich\u201c nennen.<\/p><p>Vom 2. bis 4. Mai wird Maldingen anl\u00e4sslich des 50-j\u00e4hrigen Bestehens des Musikvereins zum Mekka der Blasmusik und des Frohsinns. Am Freitag l\u00e4dt der<br \/>Jubelverein ab 17 Uhr zur \u201eAfter Work Party\u201c ein, bevor um 19 Uhr der Festzug ins Festzelt einzieht, wo die geladenen Musikvereine ihr musikalisches St\u00e4ndchen geben. Im Anschluss sorgt DJ Killid mit Musik aus der Konserve f\u00fcr Stimmung. <br \/>Auch der Samstag ist ab 18 Uhr den befreundeten Musikvereinen vorbehalten, bevor die Liveband \u201eFirlefanz\u201c<br \/>unter anderem mit Julien Theodor an der Trompete f\u00fcr Partystimmungsorgt. Zum Abschluss legt wieder DJ Killid auf. <br \/>Der Sonntag beginnt um 10.15 Uhr mit einem Festgottesdienst in der Pfarrkirche, dem Festzug und den<br \/>Darbietungen der Gastvereine zum Festzelt. F\u00fcr z\u00fcnftige<br \/>Stimmung sorgen die Ulfbachtaler Musikanten, bevor DJ Killid das tolle Wochenendprogramm ausklingen l\u00e4sst. Dazu gibt es eine Aperol-Bar, kulinarische K\u00f6stlichkeiten und an allen Tagen freien Eintritt. (gh)<\/p><div id=\"ConnectiveDocSignExtentionInstalled\" data-extension-version=\"1.0.4\">\u00a0<\/div>\t\t\t\t\t\t\t\t<\/div>\n\t\t\t\t<\/div>\n\t\t\t\t\t<\/div>\n\t\t\t\t<\/div>\n\t\t\t\t<\/div>\n\t\t","protected":false},"excerpt":{"rendered":"<p>Jubil\u00e4um: Musikverein \u201eEcho vom Hochtumsknopf\u201c Maldingen ist am ersten Maiwochenende in Feierlaune Es begann mit einer Primiz \u2013 und endete in einem Paukenschlag. Als 1974 mit dem Musikverein aus Espeler ein ausw\u00e4rtiger Verein durch die Maldinger Gassen marschierte, sa\u00df der Stachel tief: Ein so seltener Moment wie eine Primiz im Dorfleben \u2013 begleitet von fremden &hellip;<\/p>\n","protected":false},"author":1,"featured_media":8232,"comment_status":"closed","ping_status":"open","sticky":false,"template":"","format":"standard","meta":{"footnotes":""},"categories":[2],"tags":[],"class_list":["post-8231","post","type-post","status-publish","format-standard","has-post-thumbnail","hentry","category-news"],"_links":{"self":[{"href":"https:\/\/www.maldingen.be\/index.php\/wp-json\/wp\/v2\/posts\/8231","targetHints":{"allow":["GET"]}}],"collection":[{"href":"https:\/\/www.maldingen.be\/index.php\/wp-json\/wp\/v2\/posts"}],"about":[{"href":"https:\/\/www.maldingen.be\/index.php\/wp-json\/wp\/v2\/types\/post"}],"author":[{"embeddable":true,"href":"https:\/\/www.maldingen.be\/index.php\/wp-json\/wp\/v2\/users\/1"}],"replies":[{"embeddable":true,"href":"https:\/\/www.maldingen.be\/index.php\/wp-json\/wp\/v2\/comments?post=8231"}],"version-history":[{"count":7,"href":"https:\/\/www.maldingen.be\/index.php\/wp-json\/wp\/v2\/posts\/8231\/revisions"}],"predecessor-version":[{"id":8242,"href":"https:\/\/www.maldingen.be\/index.php\/wp-json\/wp\/v2\/posts\/8231\/revisions\/8242"}],"wp:featuredmedia":[{"embeddable":true,"href":"https:\/\/www.maldingen.be\/index.php\/wp-json\/wp\/v2\/media\/8232"}],"wp:attachment":[{"href":"https:\/\/www.maldingen.be\/index.php\/wp-json\/wp\/v2\/media?parent=8231"}],"wp:term":[{"taxonomy":"category","embeddable":true,"href":"https:\/\/www.maldingen.be\/index.php\/wp-json\/wp\/v2\/categories?post=8231"},{"taxonomy":"post_tag","embeddable":true,"href":"https:\/\/www.maldingen.be\/index.php\/wp-json\/wp\/v2\/tags?post=8231"}],"curies":[{"name":"wp","href":"https:\/\/api.w.org\/{rel}","templated":true}]}}