{"id":8305,"date":"2025-06-02T18:39:44","date_gmt":"2025-06-02T18:39:44","guid":{"rendered":"https:\/\/www.maldingen.be\/?p=8305"},"modified":"2025-06-05T18:53:20","modified_gmt":"2025-06-05T18:53:20","slug":"wir-finden-ueberall-eine-herzliche-aufnahme","status":"publish","type":"post","link":"https:\/\/www.maldingen.be\/index.php\/2025\/06\/02\/wir-finden-ueberall-eine-herzliche-aufnahme\/","title":{"rendered":"\u201eWir finden \u00fcberall eine herzliche Aufnahme\u201c"},"content":{"rendered":"\t\t<div data-elementor-type=\"wp-post\" data-elementor-id=\"8305\" class=\"elementor elementor-8305\">\n\t\t\t\t<div class=\"elementor-element elementor-element-abb772a e-flex e-con-boxed e-con e-parent\" data-id=\"abb772a\" data-element_type=\"container\" data-e-type=\"container\">\n\t\t\t\t\t<div class=\"e-con-inner\">\n\t\t\t\t<div class=\"elementor-element elementor-element-93cc79d elementor-widget elementor-widget-text-editor\" data-id=\"93cc79d\" data-element_type=\"widget\" data-e-type=\"widget\" data-widget_type=\"text-editor.default\">\n\t\t\t\t<div class=\"elementor-widget-container\">\n\t\t\t\t\t\t\t\t\t<p>Pilgerschaft: 305. Ardennenwallfahrt von Lendersdorf nach Saint-Hubert<\/p>\n<p>Am Freitag nach Christi Himmelfahrt machten die Fu\u00dfpilger auf dem Weg von Lendersdorf nach Saint-Hubert in den Ardennen Station in der B\u00fctgenbacher Pfarrkirche, wo gut sichtbar am Eingang eine Gedenktafel an die 300. Wallfahrt erinnert. Begleitet wurden sie auch in diesem Jahr durch einen Pilgergruppe aus Maldingen und Espeler.<br \/>Mit ihren acht Tagen Dauer und ca. 320 Kilometern Strecke \u00fcbertrifft die Fu\u00dfwallfahrt der St.Hubertus-Bruderschaft<br \/>von Lendersdorf (D\u00fcren) nach Saint-Hubert die heute nicht mehr ge\u00fcbte siebent\u00e4gige Pilgerfahrt von Monschau zum Mathiasgrab in Trier. Der alte Markt- und Burgort B\u00fctgenbach ist von der Geschichte her eine immer wieder gerne angesteuerte Zwischenstation gewesen. <br \/>Am Freitagmorgen wurden die 40 Pilger in B\u00fctgenbach herzlich willkommen gehei\u00dfen und feierten den Pilgergottesdienst. Der 77-j\u00e4hrige Pilgerleiter Rudi Feron, der zum 57. Mal teilnimmt, nahm erstmals mit 14 Jahren an der Fu\u00dfwallfahrt von Lendersdorf nach Saint-Hubert teil. Seit 37 Jahren leitet der Vater von zwei Kindern die Pilgergruppe. Er sucht f\u00fcr jeden Abend die Unterk\u00fcnfte und sorgt f\u00fcr die Verpflegung unterwegs. \u201eWir finden \u00fcberall wie in einer gro\u00dfen Familie eine sehr herzliche Aufnahme. Es ist zweifellos eine gro\u00dfe Herausforderung f\u00fcr die 300-Einwohner z\u00e4hlende Ortschaft Maldingen so viele Pilger bei Privatpersonen unterzubringen.\u201c <br \/>Zu Christi Himmelfahrt begann f\u00fcr die Pilger die erste Etappe, die sie von Lendersdorf\/D\u00fcren nach Kalterherberg f\u00fchrte. Von dort zogen sie am Freitagmorgen \u00fcber den Truppen\u00fcbungsplatz Elsenborn und Berg nach B\u00fctgenbach, wo nach dem Gottesdienst ein gemeinsames Fr\u00fchst\u00fcck eingenommen wurde. Die zweite Tagesetappe f\u00fchrte die Pilger von B\u00fctgenbach \u00fcber Schoppen, Amel und St.Vith nach Maldingen, wo sie in Privatquartieren \u00fcbernachteten. Von dort ziehen sie nach Bastogne, wo sie am Samstagabend erwartet wurden. Am Sonntag erreichten sie schlie\u00dflich das Pilgerziel Saint-Hubert und kehrten am Montagmorgen wieder \u00fcber Bastogne, Maldingen und B\u00fctgenbach nach Lendersdorf zur\u00fcck, wo sie am Donnerstag zur\u00fcck erwartet werden. Die diesj\u00e4hrige Ardennenwallfahrt ist bereits die 305. Fu\u00dfwallfahrt in der langen Lendersdorfer Pilgergeschichte seit 1720. Sie steht unter der geistlichen Leitung von Pfarrer Georg Neuenhofer (84) aus Gey, der seit 2017 im Ruhestand lebt aber weiterhin in \u201eseinen\u201c Gemeinden in der Region D\u00fcren t\u00e4tig ist. (kli)<\/p>\n<div id=\"ConnectiveDocSignExtentionInstalled\" data-extension-version=\"1.0.4\">\u00a0<\/div>\t\t\t\t\t\t\t\t<\/div>\n\t\t\t\t<\/div>\n\t\t\t\t\t<\/div>\n\t\t\t\t<\/div>\n\t\t<div class=\"elementor-element elementor-element-e69f261 e-flex e-con-boxed e-con e-parent\" data-id=\"e69f261\" data-element_type=\"container\" data-e-type=\"container\">\n\t\t\t\t\t<div class=\"e-con-inner\">\n\t\t<div class=\"elementor-element elementor-element-af05b1f e-con-full e-flex e-con e-child\" data-id=\"af05b1f\" data-element_type=\"container\" data-e-type=\"container\">\n\t\t\t\t<div class=\"elementor-element elementor-element-9325bfd elementor-widget elementor-widget-image\" data-id=\"9325bfd\" data-element_type=\"widget\" data-e-type=\"widget\" data-widget_type=\"image.default\">\n\t\t\t\t<div class=\"elementor-widget-container\">\n\t\t\t\t\t\t\t\t\t\t\t\t\t\t\t<img fetchpriority=\"high\" decoding=\"async\" width=\"738\" height=\"492\" src=\"https:\/\/www.maldingen.be\/wp-content\/uploads\/2025\/06\/Grenz-Echo-20250602-0.jpg\" class=\"attachment-large size-large wp-image-8303\" alt=\"\" srcset=\"https:\/\/www.maldingen.be\/wp-content\/uploads\/2025\/06\/Grenz-Echo-20250602-0.jpg 738w, https:\/\/www.maldingen.be\/wp-content\/uploads\/2025\/06\/Grenz-Echo-20250602-0-300x200.jpg 300w, https:\/\/www.maldingen.be\/wp-content\/uploads\/2025\/06\/Grenz-Echo-20250602-0-600x400.jpg 600w\" sizes=\"(max-width: 738px) 100vw, 738px\" \/>\t\t\t\t\t\t\t\t\t\t\t\t\t\t\t<\/div>\n\t\t\t\t<\/div>\n\t\t\t\t<div class=\"elementor-element elementor-element-f647def elementor-widget elementor-widget-text-editor\" data-id=\"f647def\" data-element_type=\"widget\" data-e-type=\"widget\" data-widget_type=\"text-editor.default\">\n\t\t\t\t<div class=\"elementor-widget-container\">\n\t\t\t\t\t\t\t\t\t<p>Die Lendersdorfer Pilgergeschichte reicht bis in das Jahr 1720 zur\u00fcck.<\/p>\n<div id=\"ConnectiveDocSignExtentionInstalled\" data-extension-version=\"1.0.4\">\u00a0<\/div>\t\t\t\t\t\t\t\t<\/div>\n\t\t\t\t<\/div>\n\t\t\t\t<\/div>\n\t\t\t\t\t<\/div>\n\t\t\t\t<\/div>\n\t\t<div class=\"elementor-element elementor-element-93885da e-flex e-con-boxed e-con e-parent\" data-id=\"93885da\" data-element_type=\"container\" data-e-type=\"container\">\n\t\t\t\t\t<div class=\"e-con-inner\">\n\t\t<div class=\"elementor-element elementor-element-56d9ee2 e-con-full e-flex e-con e-child\" data-id=\"56d9ee2\" data-element_type=\"container\" data-e-type=\"container\">\n\t\t\t\t<div class=\"elementor-element elementor-element-2a2a6c5 elementor-widget elementor-widget-image\" data-id=\"2a2a6c5\" data-element_type=\"widget\" data-e-type=\"widget\" data-widget_type=\"image.default\">\n\t\t\t\t<div class=\"elementor-widget-container\">\n\t\t\t\t\t\t\t\t\t\t\t\t\t\t\t<img decoding=\"async\" width=\"738\" height=\"492\" src=\"https:\/\/www.maldingen.be\/wp-content\/uploads\/2025\/06\/Grenz-Echo-20250602-1.jpg\" class=\"attachment-large size-large wp-image-8304\" alt=\"\" srcset=\"https:\/\/www.maldingen.be\/wp-content\/uploads\/2025\/06\/Grenz-Echo-20250602-1.jpg 738w, https:\/\/www.maldingen.be\/wp-content\/uploads\/2025\/06\/Grenz-Echo-20250602-1-300x200.jpg 300w, https:\/\/www.maldingen.be\/wp-content\/uploads\/2025\/06\/Grenz-Echo-20250602-1-600x400.jpg 600w\" sizes=\"(max-width: 738px) 100vw, 738px\" \/>\t\t\t\t\t\t\t\t\t\t\t\t\t\t\t<\/div>\n\t\t\t\t<\/div>\n\t\t\t\t<div class=\"elementor-element elementor-element-78ae857 elementor-widget elementor-widget-text-editor\" data-id=\"78ae857\" data-element_type=\"widget\" data-e-type=\"widget\" data-widget_type=\"text-editor.default\">\n\t\t\t\t<div class=\"elementor-widget-container\">\n\t\t\t\t\t\t\t\t\t<p>Eine Gruppe aus Maldingen und Espeler begleitete die Fu\u00dfpilger.<br \/>Fotos: Lothar Klinges.<\/p>\n<div id=\"ConnectiveDocSignExtentionInstalled\" data-extension-version=\"1.0.4\">\u00a0<\/div>\t\t\t\t\t\t\t\t<\/div>\n\t\t\t\t<\/div>\n\t\t\t\t<\/div>\n\t\t\t\t\t<\/div>\n\t\t\t\t<\/div>\n\t\t\t\t<\/div>\n\t\t","protected":false},"excerpt":{"rendered":"<p>305. Ardennenwallfahrt von Lendersdorf nach Saint-Hubert<\/p>\n","protected":false},"author":1,"featured_media":8304,"comment_status":"closed","ping_status":"closed","sticky":false,"template":"","format":"standard","meta":{"footnotes":""},"categories":[2],"tags":[],"class_list":["post-8305","post","type-post","status-publish","format-standard","has-post-thumbnail","hentry","category-news"],"_links":{"self":[{"href":"https:\/\/www.maldingen.be\/index.php\/wp-json\/wp\/v2\/posts\/8305","targetHints":{"allow":["GET"]}}],"collection":[{"href":"https:\/\/www.maldingen.be\/index.php\/wp-json\/wp\/v2\/posts"}],"about":[{"href":"https:\/\/www.maldingen.be\/index.php\/wp-json\/wp\/v2\/types\/post"}],"author":[{"embeddable":true,"href":"https:\/\/www.maldingen.be\/index.php\/wp-json\/wp\/v2\/users\/1"}],"replies":[{"embeddable":true,"href":"https:\/\/www.maldingen.be\/index.php\/wp-json\/wp\/v2\/comments?post=8305"}],"version-history":[{"count":9,"href":"https:\/\/www.maldingen.be\/index.php\/wp-json\/wp\/v2\/posts\/8305\/revisions"}],"predecessor-version":[{"id":8315,"href":"https:\/\/www.maldingen.be\/index.php\/wp-json\/wp\/v2\/posts\/8305\/revisions\/8315"}],"wp:featuredmedia":[{"embeddable":true,"href":"https:\/\/www.maldingen.be\/index.php\/wp-json\/wp\/v2\/media\/8304"}],"wp:attachment":[{"href":"https:\/\/www.maldingen.be\/index.php\/wp-json\/wp\/v2\/media?parent=8305"}],"wp:term":[{"taxonomy":"category","embeddable":true,"href":"https:\/\/www.maldingen.be\/index.php\/wp-json\/wp\/v2\/categories?post=8305"},{"taxonomy":"post_tag","embeddable":true,"href":"https:\/\/www.maldingen.be\/index.php\/wp-json\/wp\/v2\/tags?post=8305"}],"curies":[{"name":"wp","href":"https:\/\/api.w.org\/{rel}","templated":true}]}}