{"id":8583,"date":"2026-03-02T11:07:11","date_gmt":"2026-03-02T11:07:11","guid":{"rendered":"https:\/\/www.maldingen.be\/?p=8583"},"modified":"2026-04-24T10:18:57","modified_gmt":"2026-04-24T10:18:57","slug":"gesang-als-anker-in-schwieriger-zeit","status":"publish","type":"post","link":"https:\/\/www.maldingen.be\/index.php\/2026\/03\/02\/gesang-als-anker-in-schwieriger-zeit\/","title":{"rendered":"Gesang als Anker in schwieriger Zeit"},"content":{"rendered":"\t\t<div data-elementor-type=\"wp-post\" data-elementor-id=\"8583\" class=\"elementor elementor-8583\">\n\t\t\t\t<div class=\"elementor-element elementor-element-fe1dbbf e-flex e-con-boxed e-con e-parent\" data-id=\"fe1dbbf\" data-element_type=\"container\" data-e-type=\"container\">\n\t\t\t\t\t<div class=\"e-con-inner\">\n\t\t\t\t<div class=\"elementor-element elementor-element-07de2d4 elementor-widget elementor-widget-text-editor\" data-id=\"07de2d4\" data-element_type=\"widget\" data-e-type=\"widget\" data-widget_type=\"text-editor.default\">\n\t\t\t\t<div class=\"elementor-widget-container\">\n\t\t\t\t\t\t\t\t\t<p>Wer am Samstagabend die Maldinger Pfarrkirche betrat, merkte schnell: Hier ging es nicht nur um ein weiteres Konzert im Jahreskalender. Die B\u00e4nke waren gut gef\u00fcllt, viele kannten sich, man nickte sich zu, r\u00fcckte zusammen. Das Gemeindechortreffen hat in der Gro\u00dfgemeinde l\u00e4ngst den Charakter eines musikalischen Klassentreffens \u2013 mit ernstem Kern und viel Herz f\u00fcr den gemeinsamen Gesang. Gastgeber war diesmal der Kgl. Kirchenchor St. Johann Maldingen, der f\u00fcnf befreundete Ensembles willkommen hie\u00df.<\/p><div id=\"simple-translate\" class=\"simple-translate-system-theme\"><div><div class=\"simple-translate-button isShow\" style=\"background-image: url('moz-extension:\/\/ea1a7abf-74f3-403f-970f-5bf95a04ce19\/icons\/512.png'); height: 22px; width: 22px; top: 19px; left: -20px;\">\u00a0<\/div><div class=\"simple-translate-panel \" style=\"width: 300px; height: 200px; top: 0px; left: 0px; font-size: 13px;\"><div class=\"simple-translate-result-wrapper\" style=\"overflow: hidden;\"><div class=\"simple-translate-move\" draggable=\"true\">\u00a0<\/div><div class=\"simple-translate-result-contents\"><p class=\"simple-translate-result\" dir=\"auto\">\u00a0<\/p><p class=\"simple-translate-candidate\" dir=\"auto\">\u00a0<\/p><\/div><\/div><\/div><\/div><\/div>\t\t\t\t\t\t\t\t<\/div>\n\t\t\t\t<\/div>\n\t\t\t\t\t<\/div>\n\t\t\t\t<\/div>\n\t\t\t\t<\/div>\n\t\t","protected":false},"excerpt":{"rendered":"<p>Wer am Samstagabend die Maldinger Pfarrkirche betrat, merkte schnell: Hier ging es nicht nur um ein weiteres Konzert im Jahreskalender. Die B\u00e4nke waren gut gef\u00fcllt, viele kannten sich, man nickte sich zu, r\u00fcckte zusammen. Das Gemeindechortreffen hat in der Gro\u00dfgemeinde l\u00e4ngst den Charakter eines musikalischen Klassentreffens \u2013 mit ernstem Kern und viel Herz f\u00fcr den &hellip;<\/p>\n","protected":false},"author":1,"featured_media":8588,"comment_status":"closed","ping_status":"closed","sticky":false,"template":"","format":"standard","meta":{"footnotes":""},"categories":[2],"tags":[],"class_list":["post-8583","post","type-post","status-publish","format-standard","has-post-thumbnail","hentry","category-news"],"_links":{"self":[{"href":"https:\/\/www.maldingen.be\/index.php\/wp-json\/wp\/v2\/posts\/8583","targetHints":{"allow":["GET"]}}],"collection":[{"href":"https:\/\/www.maldingen.be\/index.php\/wp-json\/wp\/v2\/posts"}],"about":[{"href":"https:\/\/www.maldingen.be\/index.php\/wp-json\/wp\/v2\/types\/post"}],"author":[{"embeddable":true,"href":"https:\/\/www.maldingen.be\/index.php\/wp-json\/wp\/v2\/users\/1"}],"replies":[{"embeddable":true,"href":"https:\/\/www.maldingen.be\/index.php\/wp-json\/wp\/v2\/comments?post=8583"}],"version-history":[{"count":4,"href":"https:\/\/www.maldingen.be\/index.php\/wp-json\/wp\/v2\/posts\/8583\/revisions"}],"predecessor-version":[{"id":8612,"href":"https:\/\/www.maldingen.be\/index.php\/wp-json\/wp\/v2\/posts\/8583\/revisions\/8612"}],"wp:featuredmedia":[{"embeddable":true,"href":"https:\/\/www.maldingen.be\/index.php\/wp-json\/wp\/v2\/media\/8588"}],"wp:attachment":[{"href":"https:\/\/www.maldingen.be\/index.php\/wp-json\/wp\/v2\/media?parent=8583"}],"wp:term":[{"taxonomy":"category","embeddable":true,"href":"https:\/\/www.maldingen.be\/index.php\/wp-json\/wp\/v2\/categories?post=8583"},{"taxonomy":"post_tag","embeddable":true,"href":"https:\/\/www.maldingen.be\/index.php\/wp-json\/wp\/v2\/tags?post=8583"}],"curies":[{"name":"wp","href":"https:\/\/api.w.org\/{rel}","templated":true}]}}